{"id":1886,"date":"2026-08-17T11:00:42","date_gmt":"2026-08-17T10:00:42","guid":{"rendered":"https:\/\/szkolaszpitalna.rzeszow.pl\/strona\/?p=1886"},"modified":"2026-08-17T11:00:42","modified_gmt":"2026-08-17T10:00:42","slug":"projekt-leadex","status":"publish","type":"post","link":"https:\/\/szkolaszpitalna.rzeszow.pl\/strona\/projekt-leadex\/","title":{"rendered":"Projekt LeadEX"},"content":{"rendered":"\n<p class=\"wp-block-paragraph\">Zesp\u00f3\u0142 Szk\u00f3\u0142 przy Klinicznym Szpitalu Wojew\u00f3dzkim Nr 2 im. \u015aw. Jadwigi Kr\u00f3lowej w Rzeszowie pe\u0142ni rol\u0119 Interesariusza w <strong>projekcie LeadEx,<\/strong> kt\u00f3rego celem jest poprawa regionalnych polityk publicznych w dziedzinie edukacji w Europie. Uwzgl\u0119dniaj\u0105cych promowanie doskona\u0142o\u015bci w edukacji, zw\u0142aszcza w\u015br\u00f3d grup wra\u017cliwych.<\/p>\n\n\n\n<p class=\"wp-block-paragraph\">Projekt ma na celu zwi\u0119kszenie jako\u015bci i dost\u0119pno\u015bci edukacji, zmniejszenie nier\u00f3wno\u015bci edukacyjnych oraz wsparcie integracji spo\u0142ecznej i gospodarczej poprzez wdra\u017canie innowacyjnych rozwi\u0105za\u0144 w systemach edukacyjnych.<\/p>\n\n\n\n<p class=\"wp-block-paragraph\"><strong>Projekt LeadEx<\/strong> realizowany jest przez konsorcjum sk\u0142adaj\u0105ce si\u0119 z partner\u00f3w z r\u00f3\u017cnych region\u00f3w Europy, w tym:<\/p>\n\n\n\n<ul class=\"wp-block-list\">\n<li>Hiszpania: Dyrekcja Generalna ds. Zasob\u00f3w Ludzkich, Planowania Edukacyjnego i Innowacji \u2013 Region Murcji (Partner wiod\u0105cy)<\/li>\n\n\n\n<li>Belgia: EARLALL \u2013 Europejskie Stowarzyszenie W\u0142adz Lokalnych i Regionalnych na rzecz Kszta\u0142cenia Ustawicznego (Partner doradczy)<\/li>\n\n\n\n<li>Polska: Wojew\u00f3dztwo Podkarpackie<\/li>\n\n\n\n<li>Dania: Region Danii \u015arodkowej<\/li>\n\n\n\n<li>S\u0142owenia: Ministerstwo Edukacji<\/li>\n\n\n\n<li>Czarnog\u00f3ra: Centrum Kszta\u0142cenia Zawodowego<\/li>\n\n\n\n<li>Estonia: Esto\u0144ska Agencja Jako\u015bci Edukacji (HAKA)<\/li>\n\n\n\n<li>Chorwacja: \u017bupania Vara\u017edinska<\/li>\n<\/ul>\n\n\n\n<p class=\"wp-block-paragraph\">Projekt ma s\u0142u\u017cy\u0107 wymianie do\u015bwiadcze\u0144 i wdra\u017caniu uzyskanej wiedzy dla poprawy sytuacji w ka\u017cdym z region\u00f3w partnerskich w obszarze edukacji.<\/p>\n\n\n\n<p class=\"wp-block-paragraph\">Wi\u0119cej informacji o projekcie LeadEx:<\/p>\n\n\n\n<p class=\"wp-block-paragraph\"><a href=\"https:\/\/www.podkarpackie.pl\/index.php\/gospodarka\/interreg-europa-leadex\">https:\/\/www.podkarpackie.pl\/index.php\/gospodarka\/interreg-europa-leadex<\/a><\/p>\n\n\n\n<p class=\"wp-block-paragraph\">oraz<a href=\"https:\/\/l.facebook.com\/l.php?u=https%3A%2F%2Fwww.interregeurope.eu%2Fleadex%3Ffbclid%3DIwZXh0bgNhZW0CMTAAYnJpZBEwRmRFcUFXUmRYMDZrYm5TbwEeliiiB4qUf3hMDYUPg6y1Z3iRS2sDhI-S_kpxWgk8qScba7JpnVpuincYl6Q_aem__aJdu98l9FfyoZvXvmwu0Q&amp;h=AT1rgNIn3tVVhlm7u-K_XHZn_KROKX1NV_WvuW8fo_HGFRRdsugk3GOYE2Qc6okEIc8-LxNP5ERAeO4lGgLgEHNeHN76vG4wv36JqSL9NdlSrb-VB_aWOAAtd91nSwG-xoIAPyej90MimA&amp;__tn__=-UK-R&amp;c%5b0%5d=AT3Og50M2eEOEV23Hj7-S-AhrMUBFOy-rxxlka-h7zOMRZTbZySJnXfEtaSNS-dSmnk3vcqHnvj6-CP-B760tv8W6oUKuv-8PlFzjebddqszwzXM2w6eyZwhtyK04ULoPMibVkv5VLlRRQEGTHHQj3b-POfKeRiPmF720FsJZA\"> <\/a><strong><a href=\"https:\/\/www.interregeurope.eu\/leadex\">https:\/\/www.interregeurope.eu\/leadex<\/a><\/strong><\/p>\n\n\n\n<p class=\"wp-block-paragraph\">Projekt wsp\u00f3\u0142finansowany jest ze \u015brodk\u00f3w Europejskiego Funduszu Rozwoju Regionalnego w ramach programu Interreg Europa na lata 2021-2027.<\/p>\n\n\n\n<p class=\"wp-block-paragraph\"><\/p>\n","protected":false},"excerpt":{"rendered":"<p>Zesp\u00f3\u0142 Szk\u00f3\u0142 przy Klinicznym Szpitalu Wojew\u00f3dzkim Nr 2 im. \u015aw. Jadwigi Kr\u00f3lowej w Rzeszowie pe\u0142ni rol\u0119 Interesariusza w projekcie LeadEx, kt\u00f3rego celem jest poprawa regionalnych polityk publicznych w dziedzinie edukacji w Europie. Uwzgl\u0119dniaj\u0105cych promowanie doskona\u0142o\u015bci w edukacji, zw\u0142aszcza w\u015br\u00f3d grup wra\u017cliwych. Projekt ma na celu zwi\u0119kszenie jako\u015bci i dost\u0119pno\u015bci edukacji, zmniejszenie nier\u00f3wno\u015bci edukacyjnych oraz wsparcie [&hellip;]<\/p>\n","protected":false},"author":1,"featured_media":0,"comment_status":"closed","ping_status":"","sticky":false,"template":"","format":"standard","meta":{"_uag_custom_page_level_css":"","site-sidebar-layout":"default","site-content-layout":"","ast-site-content-layout":"default","site-content-style":"default","site-sidebar-style":"default","ast-global-header-display":"","ast-banner-title-visibility":"","ast-main-header-display":"","ast-hfb-above-header-display":"","ast-hfb-below-header-display":"","ast-hfb-mobile-header-display":"","site-post-title":"","ast-breadcrumbs-content":"","ast-featured-img":"","footer-sml-layout":"","ast-disable-related-posts":"","theme-transparent-header-meta":"","adv-header-id-meta":"","stick-header-meta":"","header-above-stick-meta":"","header-main-stick-meta":"","header-below-stick-meta":"","astra-migrate-meta-layouts":"set","ast-page-background-enabled":"default","ast-page-background-meta":{"desktop":{"background-color":"","background-image":"","background-repeat":"repeat","background-position":"center center","background-size":"auto","background-attachment":"scroll","background-type":"","background-media":"","overlay-type":"","overlay-color":"","overlay-opacity":"","overlay-gradient":""},"tablet":{"background-color":"","background-image":"","background-repeat":"repeat","background-position":"center center","background-size":"auto","background-attachment":"scroll","background-type":"","background-media":"","overlay-type":"","overlay-color":"","overlay-opacity":"","overlay-gradient":""},"mobile":{"background-color":"","background-image":"","background-repeat":"repeat","background-position":"center center","background-size":"auto","background-attachment":"scroll","background-type":"","background-media":"","overlay-type":"","overlay-color":"","overlay-opacity":"","overlay-gradient":""}},"ast-content-background-meta":{"desktop":{"background-color":"var(--ast-global-color-5)","background-image":"","background-repeat":"repeat","background-position":"center center","background-size":"auto","background-attachment":"scroll","background-type":"","background-media":"","overlay-type":"","overlay-color":"","overlay-opacity":"","overlay-gradient":""},"tablet":{"background-color":"var(--ast-global-color-5)","background-image":"","background-repeat":"repeat","background-position":"center center","background-size":"auto","background-attachment":"scroll","background-type":"","background-media":"","overlay-type":"","overlay-color":"","overlay-opacity":"","overlay-gradient":""},"mobile":{"background-color":"var(--ast-global-color-5)","background-image":"","background-repeat":"repeat","background-position":"center center","background-size":"auto","background-attachment":"scroll","background-type":"","background-media":"","overlay-type":"","overlay-color":"","overlay-opacity":"","overlay-gradient":""}},"footnotes":""},"categories":[9],"tags":[],"class_list":["post-1886","post","type-post","status-publish","format-standard","hentry","category-sidebar"],"spectra_blocks_featured_image_url":null,"spectra_blocks_author_info":{"display_name":"admin","avatar_url":"https:\/\/secure.gravatar.com\/avatar\/b82c45cbdb76820d6808085cdcd0e9c9db1ea01a25c8b3111c342be1ca15c36a?s=96&d=mm&r=g","author_link":"https:\/\/szkolaszpitalna.rzeszow.pl\/strona\/author\/admin\/","description":""},"uagb_featured_image_src":{"full":false,"thumbnail":false,"medium":false,"medium_large":false,"large":false,"1536x1536":false,"2048x2048":false},"uagb_author_info":{"display_name":"admin","author_link":"https:\/\/szkolaszpitalna.rzeszow.pl\/strona\/author\/admin\/"},"uagb_comment_info":0,"uagb_excerpt":"Zesp\u00f3\u0142 Szk\u00f3\u0142 przy Klinicznym Szpitalu Wojew\u00f3dzkim Nr 2 im. \u015aw. Jadwigi Kr\u00f3lowej w Rzeszowie pe\u0142ni rol\u0119 Interesariusza w projekcie LeadEx, kt\u00f3rego celem jest poprawa regionalnych polityk publicznych w dziedzinie edukacji w Europie. Uwzgl\u0119dniaj\u0105cych promowanie doskona\u0142o\u015bci w edukacji, zw\u0142aszcza w\u015br\u00f3d grup wra\u017cliwych. Projekt ma na celu zwi\u0119kszenie jako\u015bci i dost\u0119pno\u015bci edukacji, zmniejszenie nier\u00f3wno\u015bci edukacyjnych oraz wsparcie&hellip;","_links":{"self":[{"href":"https:\/\/szkolaszpitalna.rzeszow.pl\/strona\/wp-json\/wp\/v2\/posts\/1886","targetHints":{"allow":["GET"]}}],"collection":[{"href":"https:\/\/szkolaszpitalna.rzeszow.pl\/strona\/wp-json\/wp\/v2\/posts"}],"about":[{"href":"https:\/\/szkolaszpitalna.rzeszow.pl\/strona\/wp-json\/wp\/v2\/types\/post"}],"author":[{"embeddable":true,"href":"https:\/\/szkolaszpitalna.rzeszow.pl\/strona\/wp-json\/wp\/v2\/users\/1"}],"replies":[{"embeddable":true,"href":"https:\/\/szkolaszpitalna.rzeszow.pl\/strona\/wp-json\/wp\/v2\/comments?post=1886"}],"version-history":[{"count":0,"href":"https:\/\/szkolaszpitalna.rzeszow.pl\/strona\/wp-json\/wp\/v2\/posts\/1886\/revisions"}],"wp:attachment":[{"href":"https:\/\/szkolaszpitalna.rzeszow.pl\/strona\/wp-json\/wp\/v2\/media?parent=1886"}],"wp:term":[{"taxonomy":"category","embeddable":true,"href":"https:\/\/szkolaszpitalna.rzeszow.pl\/strona\/wp-json\/wp\/v2\/categories?post=1886"},{"taxonomy":"post_tag","embeddable":true,"href":"https:\/\/szkolaszpitalna.rzeszow.pl\/strona\/wp-json\/wp\/v2\/tags?post=1886"}],"curies":[{"name":"wp","href":"https:\/\/api.w.org\/{rel}","templated":true}]}}