{"id":1940,"date":"2026-08-27T13:12:46","date_gmt":"2026-08-27T12:12:46","guid":{"rendered":"https:\/\/szkolaszpitalna.rzeszow.pl\/strona\/?p=1940"},"modified":"2026-08-27T13:12:46","modified_gmt":"2026-08-27T12:12:46","slug":"wakacje-znowu-sa-wakacje","status":"publish","type":"post","link":"https:\/\/szkolaszpitalna.rzeszow.pl\/strona\/wakacje-znowu-sa-wakacje\/","title":{"rendered":"Wakacje! Znowu s\u0105 wakacje!"},"content":{"rendered":"\n<p class=\"wp-block-paragraph\">Zako\u0144czyli\u015bmy rok szkolny 2025\/2026! Nasi uczniowie i nauczyciele z ogromnym zaanga\u017cowaniem zaprezentowali przedstawienie \u201eNie ma tego z\u0142ego\u201d. Dowiedli w nim, \u017ce ka\u017cda historia mo\u017ce mie\u0107 dobre zako\u0144czenie. Po wyst\u0119pie uczniowie otrzymali dyplomy i nagrody ksi\u0105\u017ckowe za prac\u0119, wytrwa\u0142o\u015b\u0107 i zaanga\u017cowanie. Serdecznie wszystkim gratulujemy!!! \u017byczymy bezpiecznych, s\u0142onecznych i pe\u0142nych u\u015bmiechu wakacji!<\/p>\n\n\n\n<figure data-spectra-id=\"spectra-mtbhgjei-9z3t0l\" class=\"wp-block-image aligncenter size-full\"><img loading=\"lazy\" decoding=\"async\" width=\"676\" height=\"499\" src=\"https:\/\/szkolaszpitalna.rzeszow.pl\/strona\/wp-content\/uploads\/2026\/08\/image.png\" alt=\"\" class=\"wp-image-1941\" srcset=\"https:\/\/szkolaszpitalna.rzeszow.pl\/strona\/wp-content\/uploads\/2026\/08\/image.png 676w, https:\/\/szkolaszpitalna.rzeszow.pl\/strona\/wp-content\/uploads\/2026\/08\/image-300x221.png 300w\" sizes=\"auto, (max-width: 676px) 100vw, 676px\" \/><\/figure>\n","protected":false},"excerpt":{"rendered":"<p>Zako\u0144czyli\u015bmy rok szkolny 2025\/2026! Nasi uczniowie i nauczyciele z ogromnym zaanga\u017cowaniem zaprezentowali przedstawienie \u201eNie ma tego z\u0142ego\u201d. Dowiedli w nim, \u017ce ka\u017cda historia mo\u017ce mie\u0107 dobre zako\u0144czenie. Po wyst\u0119pie uczniowie otrzymali dyplomy i nagrody ksi\u0105\u017ckowe za prac\u0119, wytrwa\u0142o\u015b\u0107 i zaanga\u017cowanie. Serdecznie wszystkim gratulujemy!!! \u017byczymy bezpiecznych, s\u0142onecznych i pe\u0142nych u\u015bmiechu wakacji!<\/p>\n","protected":false},"author":1,"featured_media":0,"comment_status":"closed","ping_status":"","sticky":false,"template":"","format":"standard","meta":{"_uag_custom_page_level_css":"","site-sidebar-layout":"default","site-content-layout":"","ast-site-content-layout":"default","site-content-style":"default","site-sidebar-style":"default","ast-global-header-display":"","ast-banner-title-visibility":"","ast-main-header-display":"","ast-hfb-above-header-display":"","ast-hfb-below-header-display":"","ast-hfb-mobile-header-display":"","site-post-title":"","ast-breadcrumbs-content":"","ast-featured-img":"","footer-sml-layout":"","ast-disable-related-posts":"","theme-transparent-header-meta":"","adv-header-id-meta":"","stick-header-meta":"","header-above-stick-meta":"","header-main-stick-meta":"","header-below-stick-meta":"","astra-migrate-meta-layouts":"set","ast-page-background-enabled":"default","ast-page-background-meta":{"desktop":{"background-color":"","background-image":"","background-repeat":"repeat","background-position":"center center","background-size":"auto","background-attachment":"scroll","background-type":"","background-media":"","overlay-type":"","overlay-color":"","overlay-opacity":"","overlay-gradient":""},"tablet":{"background-color":"","background-image":"","background-repeat":"repeat","background-position":"center center","background-size":"auto","background-attachment":"scroll","background-type":"","background-media":"","overlay-type":"","overlay-color":"","overlay-opacity":"","overlay-gradient":""},"mobile":{"background-color":"","background-image":"","background-repeat":"repeat","background-position":"center center","background-size":"auto","background-attachment":"scroll","background-type":"","background-media":"","overlay-type":"","overlay-color":"","overlay-opacity":"","overlay-gradient":""}},"ast-content-background-meta":{"desktop":{"background-color":"var(--ast-global-color-5)","background-image":"","background-repeat":"repeat","background-position":"center center","background-size":"auto","background-attachment":"scroll","background-type":"","background-media":"","overlay-type":"","overlay-color":"","overlay-opacity":"","overlay-gradient":""},"tablet":{"background-color":"var(--ast-global-color-5)","background-image":"","background-repeat":"repeat","background-position":"center center","background-size":"auto","background-attachment":"scroll","background-type":"","background-media":"","overlay-type":"","overlay-color":"","overlay-opacity":"","overlay-gradient":""},"mobile":{"background-color":"var(--ast-global-color-5)","background-image":"","background-repeat":"repeat","background-position":"center center","background-size":"auto","background-attachment":"scroll","background-type":"","background-media":"","overlay-type":"","overlay-color":"","overlay-opacity":"","overlay-gradient":""}},"footnotes":""},"categories":[7],"tags":[],"class_list":["post-1940","post","type-post","status-publish","format-standard","hentry","category-aktualnosci"],"spectra_blocks_featured_image_url":null,"spectra_blocks_author_info":{"display_name":"admin","avatar_url":"https:\/\/secure.gravatar.com\/avatar\/b82c45cbdb76820d6808085cdcd0e9c9db1ea01a25c8b3111c342be1ca15c36a?s=96&d=mm&r=g","author_link":"https:\/\/szkolaszpitalna.rzeszow.pl\/strona\/author\/admin\/","description":""},"uagb_featured_image_src":{"full":false,"thumbnail":false,"medium":false,"medium_large":false,"large":false,"1536x1536":false,"2048x2048":false},"uagb_author_info":{"display_name":"admin","author_link":"https:\/\/szkolaszpitalna.rzeszow.pl\/strona\/author\/admin\/"},"uagb_comment_info":0,"uagb_excerpt":"Zako\u0144czyli\u015bmy rok szkolny 2025\/2026! Nasi uczniowie i nauczyciele z ogromnym zaanga\u017cowaniem zaprezentowali przedstawienie \u201eNie ma tego z\u0142ego\u201d. Dowiedli w nim, \u017ce ka\u017cda historia mo\u017ce mie\u0107 dobre zako\u0144czenie. Po wyst\u0119pie uczniowie otrzymali dyplomy i nagrody ksi\u0105\u017ckowe za prac\u0119, wytrwa\u0142o\u015b\u0107 i zaanga\u017cowanie. Serdecznie wszystkim gratulujemy!!! \u017byczymy bezpiecznych, s\u0142onecznych i pe\u0142nych u\u015bmiechu wakacji!","_links":{"self":[{"href":"https:\/\/szkolaszpitalna.rzeszow.pl\/strona\/wp-json\/wp\/v2\/posts\/1940","targetHints":{"allow":["GET"]}}],"collection":[{"href":"https:\/\/szkolaszpitalna.rzeszow.pl\/strona\/wp-json\/wp\/v2\/posts"}],"about":[{"href":"https:\/\/szkolaszpitalna.rzeszow.pl\/strona\/wp-json\/wp\/v2\/types\/post"}],"author":[{"embeddable":true,"href":"https:\/\/szkolaszpitalna.rzeszow.pl\/strona\/wp-json\/wp\/v2\/users\/1"}],"replies":[{"embeddable":true,"href":"https:\/\/szkolaszpitalna.rzeszow.pl\/strona\/wp-json\/wp\/v2\/comments?post=1940"}],"version-history":[{"count":0,"href":"https:\/\/szkolaszpitalna.rzeszow.pl\/strona\/wp-json\/wp\/v2\/posts\/1940\/revisions"}],"wp:attachment":[{"href":"https:\/\/szkolaszpitalna.rzeszow.pl\/strona\/wp-json\/wp\/v2\/media?parent=1940"}],"wp:term":[{"taxonomy":"category","embeddable":true,"href":"https:\/\/szkolaszpitalna.rzeszow.pl\/strona\/wp-json\/wp\/v2\/categories?post=1940"},{"taxonomy":"post_tag","embeddable":true,"href":"https:\/\/szkolaszpitalna.rzeszow.pl\/strona\/wp-json\/wp\/v2\/tags?post=1940"}],"curies":[{"name":"wp","href":"https:\/\/api.w.org\/{rel}","templated":true}]}}